{"id":3100,"date":"2020-11-01T16:32:55","date_gmt":"2020-11-01T16:32:55","guid":{"rendered":"http:\/\/nadja-siegl.de\/?p=3100"},"modified":"2022-04-07T17:13:10","modified_gmt":"2022-04-07T17:13:10","slug":"signifiers","status":"publish","type":"post","link":"https:\/\/nadja-siegl.de\/en\/2020\/11\/signifiers\/","title":{"rendered":"Signifiers"},"content":{"rendered":"<p>Eine Arbeit, die im K\u00e4the &#8211; Kollwitz &#8211; Museum Berlin zu sehen war. Die Bilder geh\u00f6ren zu meinem Zyklus &#8220;waterscape&#8221;.<\/p>\n<p>Fotografien auf Hahnem\u00fchle Fine Art Baryta, aufgezogen auf Vollaluminium 2 mm, je 24 x 30 cm, gesamt ca. 95 x 100 cm. Titel: Signifiers, Jahr 2019.<\/p>\n<p><img loading=\"lazy\" class=\"aligncenter size-large wp-image-3103\" src=\"http:\/\/nadja-siegl.de\/wp-content\/uploads\/2020\/11\/webtafel-955x1024.jpg\" alt=\"\" width=\"955\" height=\"1024\" srcset=\"https:\/\/nadja-siegl.de\/wp-content\/uploads\/2020\/11\/webtafel-955x1024.jpg 955w, https:\/\/nadja-siegl.de\/wp-content\/uploads\/2020\/11\/webtafel-280x300.jpg 280w, https:\/\/nadja-siegl.de\/wp-content\/uploads\/2020\/11\/webtafel-768x823.jpg 768w, https:\/\/nadja-siegl.de\/wp-content\/uploads\/2020\/11\/webtafel-690x740.jpg 690w, https:\/\/nadja-siegl.de\/wp-content\/uploads\/2020\/11\/webtafel-980x1051.jpg 980w, https:\/\/nadja-siegl.de\/wp-content\/uploads\/2020\/11\/webtafel.jpg 1772w\" sizes=\"(max-width: 955px) 100vw, 955px\" \/><\/p>\n<p>Ansichten aus dem Ausstellungsraum:<\/p>\n<p><img loading=\"lazy\" class=\"aligncenter wp-image-3104 size-full\" src=\"http:\/\/nadja-siegl.de\/wp-content\/uploads\/2020\/11\/webbilder-11.jpg\" alt=\"\" width=\"12870\" height=\"3628\" srcset=\"https:\/\/nadja-siegl.de\/wp-content\/uploads\/2020\/11\/webbilder-11.jpg 12870w, https:\/\/nadja-siegl.de\/wp-content\/uploads\/2020\/11\/webbilder-11-300x85.jpg 300w, https:\/\/nadja-siegl.de\/wp-content\/uploads\/2020\/11\/webbilder-11-768x216.jpg 768w, https:\/\/nadja-siegl.de\/wp-content\/uploads\/2020\/11\/webbilder-11-1024x289.jpg 1024w, https:\/\/nadja-siegl.de\/wp-content\/uploads\/2020\/11\/webbilder-11-690x195.jpg 690w, https:\/\/nadja-siegl.de\/wp-content\/uploads\/2020\/11\/webbilder-11-980x276.jpg 980w\" sizes=\"(max-width: 12870px) 100vw, 12870px\" \/><\/p>\n<p><img loading=\"lazy\" class=\"wp-image-3105  alignleft\" src=\"http:\/\/nadja-siegl.de\/wp-content\/uploads\/2020\/11\/webbilder-2-221x300.jpg\" alt=\"\" width=\"333\" height=\"452\" srcset=\"https:\/\/nadja-siegl.de\/wp-content\/uploads\/2020\/11\/webbilder-2-221x300.jpg 221w, https:\/\/nadja-siegl.de\/wp-content\/uploads\/2020\/11\/webbilder-2-768x1040.jpg 768w, https:\/\/nadja-siegl.de\/wp-content\/uploads\/2020\/11\/webbilder-2-756x1024.jpg 756w, https:\/\/nadja-siegl.de\/wp-content\/uploads\/2020\/11\/webbilder-2-690x935.jpg 690w, https:\/\/nadja-siegl.de\/wp-content\/uploads\/2020\/11\/webbilder-2-980x1327.jpg 980w, https:\/\/nadja-siegl.de\/wp-content\/uploads\/2020\/11\/webbilder-2.jpg 2011w\" sizes=\"(max-width: 333px) 100vw, 333px\" \/><\/p>\n<p><img loading=\"lazy\" class=\"wp-image-3107  alignright\" src=\"http:\/\/nadja-siegl.de\/wp-content\/uploads\/2020\/11\/webbilder-9-240x300.jpg\" alt=\"\" width=\"351\" height=\"439\" srcset=\"https:\/\/nadja-siegl.de\/wp-content\/uploads\/2020\/11\/webbilder-9-240x300.jpg 240w, https:\/\/nadja-siegl.de\/wp-content\/uploads\/2020\/11\/webbilder-9-768x958.jpg 768w, https:\/\/nadja-siegl.de\/wp-content\/uploads\/2020\/11\/webbilder-9-820x1024.jpg 820w, https:\/\/nadja-siegl.de\/wp-content\/uploads\/2020\/11\/webbilder-9-690x861.jpg 690w, https:\/\/nadja-siegl.de\/wp-content\/uploads\/2020\/11\/webbilder-9-980x1223.jpg 980w\" sizes=\"(max-width: 351px) 100vw, 351px\" \/><\/p>\n<p><img loading=\"lazy\" class=\"wp-image-3106  alignleft\" src=\"http:\/\/nadja-siegl.de\/wp-content\/uploads\/2020\/11\/webbilder-6-900x1024.jpg\" alt=\"\" width=\"531\" height=\"605\" srcset=\"https:\/\/nadja-siegl.de\/wp-content\/uploads\/2020\/11\/webbilder-6-900x1024.jpg 900w, https:\/\/nadja-siegl.de\/wp-content\/uploads\/2020\/11\/webbilder-6-264x300.jpg 264w, https:\/\/nadja-siegl.de\/wp-content\/uploads\/2020\/11\/webbilder-6-768x874.jpg 768w, https:\/\/nadja-siegl.de\/wp-content\/uploads\/2020\/11\/webbilder-6-690x785.jpg 690w, https:\/\/nadja-siegl.de\/wp-content\/uploads\/2020\/11\/webbilder-6-980x1115.jpg 980w, https:\/\/nadja-siegl.de\/wp-content\/uploads\/2020\/11\/webbilder-6.jpg 1536w\" sizes=\"(max-width: 531px) 100vw, 531px\" \/><\/p>\n","protected":false},"excerpt":{"rendered":"<p>Eine Arbeit, die im K\u00e4the &#8211; Kollwitz &#8211; Museum Berlin zu sehen war. Die Bilder geh\u00f6ren zu meinem Zyklus &#8220;waterscape&#8221;. Fotografien auf Hahnem\u00fchle Fine Art Baryta, aufgezogen auf Vollaluminium 2 mm, je 24 x 30 cm, gesamt ca. 95 x 100 cm. Titel: Signifiers, Jahr 2019. Ansichten aus dem Ausstellungsraum:<\/p>\n","protected":false},"author":1,"featured_media":3103,"comment_status":"closed","ping_status":"open","sticky":false,"template":"","format":"gallery","meta":[],"categories":[20],"tags":[],"_links":{"self":[{"href":"https:\/\/nadja-siegl.de\/en\/wp-json\/wp\/v2\/posts\/3100"}],"collection":[{"href":"https:\/\/nadja-siegl.de\/en\/wp-json\/wp\/v2\/posts"}],"about":[{"href":"https:\/\/nadja-siegl.de\/en\/wp-json\/wp\/v2\/types\/post"}],"author":[{"embeddable":true,"href":"https:\/\/nadja-siegl.de\/en\/wp-json\/wp\/v2\/users\/1"}],"replies":[{"embeddable":true,"href":"https:\/\/nadja-siegl.de\/en\/wp-json\/wp\/v2\/comments?post=3100"}],"version-history":[{"count":4,"href":"https:\/\/nadja-siegl.de\/en\/wp-json\/wp\/v2\/posts\/3100\/revisions"}],"predecessor-version":[{"id":3480,"href":"https:\/\/nadja-siegl.de\/en\/wp-json\/wp\/v2\/posts\/3100\/revisions\/3480"}],"wp:featuredmedia":[{"embeddable":true,"href":"https:\/\/nadja-siegl.de\/en\/wp-json\/wp\/v2\/media\/3103"}],"wp:attachment":[{"href":"https:\/\/nadja-siegl.de\/en\/wp-json\/wp\/v2\/media?parent=3100"}],"wp:term":[{"taxonomy":"category","embeddable":true,"href":"https:\/\/nadja-siegl.de\/en\/wp-json\/wp\/v2\/categories?post=3100"},{"taxonomy":"post_tag","embeddable":true,"href":"https:\/\/nadja-siegl.de\/en\/wp-json\/wp\/v2\/tags?post=3100"}],"curies":[{"name":"wp","href":"https:\/\/api.w.org\/{rel}","templated":true}]}}